{"id":244,"date":"2020-01-31T16:55:00","date_gmt":"2020-01-31T15:55:00","guid":{"rendered":"https:\/\/www.federazioneadastra.it\/website\/?p=244"},"modified":"2022-12-07T16:57:20","modified_gmt":"2022-12-07T15:57:20","slug":"waiting-woman-celebration-2020","status":"publish","type":"post","link":"https:\/\/www.federazioneadastra.it\/website\/waiting-woman-celebration-2020\/","title":{"rendered":"Waiting Woman Celebration 2020"},"content":{"rendered":"\n<p>Il prossimo<strong> 31 Gennaio 2020<\/strong>, Villa Fiorentino ospiter\u00e0 la terza edizione della mostra Waiting Woman Celebration &#8211; Dipingi una Poesia, evento che celebrer\u00e0 la Festa della Donna e del mondo femminile con particolare attenzione sulle violenze che le donne subiscono tutt\u2019oggi in ogni parte del Mondo.&nbsp;<\/p>\n\n\n\n<p>La Celebrazione \u00e8 organizzata da Rosanna Rivas,&nbsp; Ambasciatrice agli Stati Italia Universum Academy Switzerland, in collaborazione con Letizia Caiazzo e Carlo Alfaro ed il supporto della Fondazione Sorrento e avr\u00e0 luogo nelle sale di Villa Fiorentino sar\u00e0 inaugurata&nbsp;<strong>venerd\u00ec 31 gennaio 2020 alle ore 17<\/strong>. L\u2019esposizione sar\u00e0 poi aperta al pubblico con&nbsp;<strong>ingresso gratuito<\/strong> nei giorni 31 gennaio, 1 e 2 febbraio dalle ore 10 alle ore 13 e dalle ore 16 alle ore 20.&nbsp;<\/p>\n\n\n\n<p>Infine, L\u2019ambasciatrice Rosanna Rivas ci teneva a ringraziare per il supporto mostrato per questa manifestazione: \u00ab<strong>Infinitamente grazie a nome della Federazione AdAstra che mi pregio di rappresentare, e dell&#8217;Avvocato Luciano Lepre, Presidente della Fondazione AdAstra<\/strong>\u00bb.&nbsp;<\/p>\n\n\n\n<figure class=\"wp-block-image size-full\"><img loading=\"lazy\" decoding=\"async\" width=\"960\" height=\"540\" src=\"https:\/\/www.federazioneadastra.it\/website\/wp-content\/uploads\/2022\/12\/waiting-woman-celebration-01-1.jpg\" alt=\"\" class=\"wp-image-249\" srcset=\"https:\/\/www.federazioneadastra.it\/website\/wp-content\/uploads\/2022\/12\/waiting-woman-celebration-01-1.jpg 960w, https:\/\/www.federazioneadastra.it\/website\/wp-content\/uploads\/2022\/12\/waiting-woman-celebration-01-1-300x169.jpg 300w, https:\/\/www.federazioneadastra.it\/website\/wp-content\/uploads\/2022\/12\/waiting-woman-celebration-01-1-768x432.jpg 768w\" sizes=\"auto, (max-width: 960px) 100vw, 960px\" \/><\/figure>\n\n\n\n<figure class=\"wp-block-gallery has-nested-images columns-default is-cropped wp-block-gallery-1 is-layout-flex wp-block-gallery-is-layout-flex\">\n<figure class=\"wp-block-image size-large\"><img loading=\"lazy\" decoding=\"async\" width=\"540\" height=\"960\" data-id=\"250\" src=\"https:\/\/www.federazioneadastra.it\/website\/wp-content\/uploads\/2022\/12\/waiting-woman-celebration-02-1.jpg\" alt=\"\" class=\"wp-image-250\" srcset=\"https:\/\/www.federazioneadastra.it\/website\/wp-content\/uploads\/2022\/12\/waiting-woman-celebration-02-1.jpg 540w, https:\/\/www.federazioneadastra.it\/website\/wp-content\/uploads\/2022\/12\/waiting-woman-celebration-02-1-169x300.jpg 169w\" sizes=\"auto, (max-width: 540px) 100vw, 540px\" \/><\/figure>\n\n\n\n<figure class=\"wp-block-image size-large\"><img loading=\"lazy\" decoding=\"async\" width=\"565\" height=\"960\" data-id=\"251\" src=\"https:\/\/www.federazioneadastra.it\/website\/wp-content\/uploads\/2022\/12\/waiting-woman-celebration-03-1.jpg\" alt=\"\" class=\"wp-image-251\" srcset=\"https:\/\/www.federazioneadastra.it\/website\/wp-content\/uploads\/2022\/12\/waiting-woman-celebration-03-1.jpg 565w, https:\/\/www.federazioneadastra.it\/website\/wp-content\/uploads\/2022\/12\/waiting-woman-celebration-03-1-177x300.jpg 177w\" sizes=\"auto, (max-width: 565px) 100vw, 565px\" \/><\/figure>\n<\/figure>\n\n\n\n<figure class=\"wp-block-gallery has-nested-images columns-default is-cropped wp-block-gallery-2 is-layout-flex wp-block-gallery-is-layout-flex\">\n<figure class=\"wp-block-image size-large\"><img loading=\"lazy\" decoding=\"async\" width=\"1024\" height=\"452\" data-id=\"246\" src=\"https:\/\/www.federazioneadastra.it\/website\/wp-content\/uploads\/2022\/12\/waiting-woman-celebration-04-1024x452.jpg\" alt=\"\" class=\"wp-image-246\" srcset=\"https:\/\/www.federazioneadastra.it\/website\/wp-content\/uploads\/2022\/12\/waiting-woman-celebration-04-1024x452.jpg 1024w, https:\/\/www.federazioneadastra.it\/website\/wp-content\/uploads\/2022\/12\/waiting-woman-celebration-04-300x132.jpg 300w, https:\/\/www.federazioneadastra.it\/website\/wp-content\/uploads\/2022\/12\/waiting-woman-celebration-04-768x339.jpg 768w, https:\/\/www.federazioneadastra.it\/website\/wp-content\/uploads\/2022\/12\/waiting-woman-celebration-04.jpg 1445w\" sizes=\"auto, (max-width: 1024px) 100vw, 1024px\" \/><\/figure>\n<\/figure>\n","protected":false},"excerpt":{"rendered":"<p>Il prossimo 31 Gennaio 2020, Villa Fiorentino ospiter\u00e0 la terza edizione della mostra Waiting Woman Celebration &#8211; Dipingi una Poesia, evento che celebrer\u00e0 la Festa della Donna e del mondo femminile con particolare attenzione sulle violenze che le donne subiscono tutt\u2019oggi in ogni parte del Mondo.&nbsp; La Celebrazione \u00e8 organizzata da Rosanna Rivas,&nbsp; Ambasciatrice agli [&hellip;]<\/p>\n","protected":false},"author":2,"featured_media":0,"comment_status":"closed","ping_status":"closed","sticky":false,"template":"","format":"standard","meta":{"footnotes":""},"categories":[7],"tags":[],"class_list":["post-244","post","type-post","status-publish","format-standard","hentry","category-eventi"],"_links":{"self":[{"href":"https:\/\/www.federazioneadastra.it\/website\/wp-json\/wp\/v2\/posts\/244","targetHints":{"allow":["GET"]}}],"collection":[{"href":"https:\/\/www.federazioneadastra.it\/website\/wp-json\/wp\/v2\/posts"}],"about":[{"href":"https:\/\/www.federazioneadastra.it\/website\/wp-json\/wp\/v2\/types\/post"}],"author":[{"embeddable":true,"href":"https:\/\/www.federazioneadastra.it\/website\/wp-json\/wp\/v2\/users\/2"}],"replies":[{"embeddable":true,"href":"https:\/\/www.federazioneadastra.it\/website\/wp-json\/wp\/v2\/comments?post=244"}],"version-history":[{"count":2,"href":"https:\/\/www.federazioneadastra.it\/website\/wp-json\/wp\/v2\/posts\/244\/revisions"}],"predecessor-version":[{"id":257,"href":"https:\/\/www.federazioneadastra.it\/website\/wp-json\/wp\/v2\/posts\/244\/revisions\/257"}],"wp:attachment":[{"href":"https:\/\/www.federazioneadastra.it\/website\/wp-json\/wp\/v2\/media?parent=244"}],"wp:term":[{"taxonomy":"category","embeddable":true,"href":"https:\/\/www.federazioneadastra.it\/website\/wp-json\/wp\/v2\/categories?post=244"},{"taxonomy":"post_tag","embeddable":true,"href":"https:\/\/www.federazioneadastra.it\/website\/wp-json\/wp\/v2\/tags?post=244"}],"curies":[{"name":"wp","href":"https:\/\/api.w.org\/{rel}","templated":true}]}}