{"id":233,"date":"2019-12-03T17:16:00","date_gmt":"2019-12-03T16:16:00","guid":{"rendered":"https:\/\/www.federazioneadastra.it\/website\/?p=233"},"modified":"2022-12-07T16:57:20","modified_gmt":"2022-12-07T15:57:20","slug":"da-napoli-a-malta-la-musica-di-gennaro-de-crescenzo","status":"publish","type":"post","link":"https:\/\/www.federazioneadastra.it\/website\/da-napoli-a-malta-la-musica-di-gennaro-de-crescenzo\/","title":{"rendered":"Da Napoli, a Malta: la musica di Gennaro De Crescenzo.&nbsp;"},"content":{"rendered":"\n<p><strong>Gennaro De Crescenzo<\/strong>, il suo album dedicato a Napoli porta l\u2019artista al vertice del panorama musicale partenopeo: un album che racchiude <strong>passione<\/strong>,<strong> amore<\/strong> e <strong>melodie<\/strong> che fanno sognare.&nbsp;<\/p>\n\n\n\n<p>Un artista noto, ma non solo per il suo cognome,<strong> Gennaro De Crescenzo <\/strong>\u00e8 riuscito ad eccellere con le proprie doti artistiche e con tanta tenacia a farsi amare dal popolo partenopeo ed internazionale.<\/p>\n\n\n\n<p>Da <strong>Sanremo Jukebox <\/strong>nel <strong>2018<\/strong>, il suo percorso canoro ha gradualmente raggiunto traguardi artistici <strong>assolutamente eccezionali.<\/strong><\/p>\n\n\n\n<h2 class=\"wp-block-heading\">Gennaro De Crescenzo: lo spettacolo &#8220;Musica per Napoli&#8221;&nbsp;<\/h2>\n\n\n\n<p>Gennaro De Crescenzo si \u00e8 esibito al Teatro Salvo D\u2019Acquisto a Napoli, con lo spettacolo \u201c<strong>Musica per Napoli<\/strong> <strong>Donare \u00e8&#8230;Amore<\/strong>\u201d tratto dal suo album.<\/p>\n\n\n\n<p>Uno spettacolo straordinario, dove \u00e8 riuscito a racchiudere diversi generi della tradizione musicale italiana raggiungendo cos\u00ec una perfetta unione&nbsp;di musica e solidariet\u00e0 che ha ottenuto&nbsp;un clamoroso successo.&nbsp;<\/p>\n\n\n\n<p>La carriera di Gennaro De Crescenzo sta riscontrando un grande successo in Campania ed anche su terreno internazionale, difatti vanta numerose esperienze importanti, tra cui il red carpet del Teatro Mediterraneo&nbsp;il 23 novembre, per la settima edizione di Miss Europe Continental, evento partenopeo tanto atteso dagli artisti, spettatori, invitati e stampa.&nbsp;<\/p>\n\n\n\n<p>Il 7 Dicembre, l\u2019artista ha raggiunto Malta esibendosi per l\u2019importante evento \u201cThe look of the Year\u201dpresso Level 22 di Portomaso, il concorso internazionale per eccellenza che decreta personalit\u00e0 famose del mondo dello spettacolo e della moda, trasmesso in onda su tre emittenti televisive di Malta e Pechino.&nbsp;<\/p>\n","protected":false},"excerpt":{"rendered":"<p>Gennaro De Crescenzo, il suo album dedicato a Napoli porta l\u2019artista al vertice del panorama musicale partenopeo: un album che racchiude passione, amore e melodie che fanno sognare.&nbsp; Un artista noto, ma non solo per il suo cognome, Gennaro De Crescenzo \u00e8 riuscito ad eccellere con le proprie doti artistiche e con tanta tenacia a [&hellip;]<\/p>\n","protected":false},"author":2,"featured_media":0,"comment_status":"closed","ping_status":"closed","sticky":false,"template":"","format":"standard","meta":{"footnotes":""},"categories":[7],"tags":[],"class_list":["post-233","post","type-post","status-publish","format-standard","hentry","category-eventi"],"_links":{"self":[{"href":"https:\/\/www.federazioneadastra.it\/website\/wp-json\/wp\/v2\/posts\/233","targetHints":{"allow":["GET"]}}],"collection":[{"href":"https:\/\/www.federazioneadastra.it\/website\/wp-json\/wp\/v2\/posts"}],"about":[{"href":"https:\/\/www.federazioneadastra.it\/website\/wp-json\/wp\/v2\/types\/post"}],"author":[{"embeddable":true,"href":"https:\/\/www.federazioneadastra.it\/website\/wp-json\/wp\/v2\/users\/2"}],"replies":[{"embeddable":true,"href":"https:\/\/www.federazioneadastra.it\/website\/wp-json\/wp\/v2\/comments?post=233"}],"version-history":[{"count":2,"href":"https:\/\/www.federazioneadastra.it\/website\/wp-json\/wp\/v2\/posts\/233\/revisions"}],"predecessor-version":[{"id":256,"href":"https:\/\/www.federazioneadastra.it\/website\/wp-json\/wp\/v2\/posts\/233\/revisions\/256"}],"wp:attachment":[{"href":"https:\/\/www.federazioneadastra.it\/website\/wp-json\/wp\/v2\/media?parent=233"}],"wp:term":[{"taxonomy":"category","embeddable":true,"href":"https:\/\/www.federazioneadastra.it\/website\/wp-json\/wp\/v2\/categories?post=233"},{"taxonomy":"post_tag","embeddable":true,"href":"https:\/\/www.federazioneadastra.it\/website\/wp-json\/wp\/v2\/tags?post=233"}],"curies":[{"name":"wp","href":"https:\/\/api.w.org\/{rel}","templated":true}]}}